{"id":1345,"date":"2023-10-05T10:09:04","date_gmt":"2023-10-05T13:09:04","guid":{"rendered":"https:\/\/diarioparanaense.com\/?p=1345"},"modified":"2023-10-05T10:09:05","modified_gmt":"2023-10-05T13:09:05","slug":"saiba-como-se-prevenir-de-alergias-com-a-chegada-da-primavera","status":"publish","type":"post","link":"https:\/\/diarioparanaense.com\/?p=1345","title":{"rendered":"Saiba como se prevenir de alergias com a chegada da primavera"},"content":{"rendered":"\n<blockquote class=\"wp-block-quote is-layout-flow wp-block-quote-is-layout-flow\">\n<p class=\"has-medium-font-size\">Conjuntivites, rinites e asma atingem cerca de 40% da popula\u00e7\u00e3o mundial nessa \u00e9poca do ano<\/p>\n<\/blockquote>\n\n\n\n<p>A esta\u00e7\u00e3o das flores \u00e9 bonita de se ver, mas tamb\u00e9m traz complica\u00e7\u00f5es para aqueles que sofrem de crises al\u00e9rgicas. A primavera \u00e9 a \u00e9poca do ano com maior concentra\u00e7\u00e3o de p\u00f3len no ar, o que favorece quadros como conjuntivites, rinites e asma. Informa\u00e7\u00f5es disponibilizadas pela Organiza\u00e7\u00e3o Mundial de Alergia (WAO) mostram que cerca de 40% da popula\u00e7\u00e3o mundial sofre com algum tipo de alergia.<\/p>\n\n\n\n<p>Com a troca das esta\u00e7\u00f5es, se tornam mais frequentes os casos de rea\u00e7\u00e3o al\u00e9rgica ao p\u00f3len, chamados de \u201cpolinose\u201d. Os indiv\u00edduos com sensibilidade podem apresentar quadros inflamat\u00f3rios quando esse p\u00f3 entra em contato com as mucosas. \u201cAs rea\u00e7\u00f5es a que a popula\u00e7\u00e3o est\u00e1 mais suscet\u00edvel s\u00e3o nos olhos, que podem causar conjuntivite al\u00e9rgica, e no nariz, que podem causar uma rinite al\u00e9rgica\u201d, explica Fl\u00e1vio Massao Mizoguchi, otorrinolaringologista do Centro de Rinite do Hospital IPO.<\/p>\n\n\n\n<p>Os sintomas incluem espirros, coriza, tosse e coceira nas regi\u00f5es do nariz, garganta e olhos, de acordo com o especialista. \u201cAs pessoas que t\u00eam comprometimento de vias a\u00e9reas inferiores, como a asma, est\u00e3o suscet\u00edveis a piora e agravamento do quadro, caso apresentem sintomas associados \u00e0s alergias ao p\u00f3len\u201d, alerta.<\/p>\n\n\n\n<p>Com a umidade relativa do ar mais baixa, o p\u00f3len se espalha com mais facilidade e por dist\u00e2ncias mais longas nos dias de primavera. De acordo com a Associa\u00e7\u00e3o Brasileira de Alergia e Imunologia (Asbai), al\u00e9m da influ\u00eancia do clima, a popula\u00e7\u00e3o da Regi\u00e3o Sul j\u00e1 \u00e9 normalmente a mais atingida do pa\u00eds, com cerca de 25% dos adultos com alergia cl\u00ednica ao p\u00f3len.<\/p>\n\n\n\n<p>\u201cA polinose \u00e9 muito comum em cidades como Curitiba. Em caso de suspeita de alergia a p\u00f3len, o ideal \u00e9 procurar um m\u00e9dico especialista e fazer os testes al\u00e9rgicos para comprovar o diagn\u00f3stico e iniciar o tratamento correto\u201d, indica Mizoguchi. Para as pessoas que sofrem com os sintomas citados, medidas de preven\u00e7\u00e3o tamb\u00e9m podem ser tomadas para diminuir a exposi\u00e7\u00e3o.<\/p>\n\n\n\n<p>Em dias secos e com bastante vento, fechar as janelas no per\u00edodo da manh\u00e3 e no final da tarde pode ajudar a diminuir a entrada de p\u00f3len na casa. Uma vez que o p\u00f3len se espalha pelo ar, evitar o contato n\u00e3o \u00e9 uma op\u00e7\u00e3o vi\u00e1vel, como seria em alergias alimentares e de contato.<\/p>\n\n\n\n<p>Por isso, manter o ambiente interno limpo, trocar de roupa ao chegar em casa e evitar passar por \u00e1reas mais polinizadas, como jardins e pra\u00e7as, s\u00e3o medidas auxiliares para diminuir a irrita\u00e7\u00e3o. \u201cHoje em dia existem vacinas que podem auxiliar na dessensibilizar\u00e3o \u00e0 alergia ao p\u00f3len, seja injet\u00e1veis ou por via oral\u201d, finaliza&nbsp;o&nbsp;m\u00e9dico.<\/p>\n","protected":false},"excerpt":{"rendered":"<p>Conjuntivites, rinites e asma atingem cerca de 40% da popula\u00e7\u00e3o mundial nessa \u00e9poca do ano A esta\u00e7\u00e3o das flores \u00e9 bonita de se ver, mas tamb\u00e9m traz complica\u00e7\u00f5es para aqueles que sofrem de crises al\u00e9rgicas. A primavera \u00e9 a \u00e9poca do ano com maior concentra\u00e7\u00e3o de p\u00f3len no ar, o que favorece quadros como conjuntivites, [&hellip;]<\/p>\n","protected":false},"author":1,"featured_media":1346,"comment_status":"open","ping_status":"open","sticky":false,"template":"","format":"standard","meta":{"footnotes":""},"categories":[164],"tags":[353],"class_list":["post-1345","post","type-post","status-publish","format-standard","has-post-thumbnail","hentry","category-saude-2","tag-centro-de-rinite-do-hospital-ipo"],"_links":{"self":[{"href":"https:\/\/diarioparanaense.com\/index.php?rest_route=\/wp\/v2\/posts\/1345","targetHints":{"allow":["GET"]}}],"collection":[{"href":"https:\/\/diarioparanaense.com\/index.php?rest_route=\/wp\/v2\/posts"}],"about":[{"href":"https:\/\/diarioparanaense.com\/index.php?rest_route=\/wp\/v2\/types\/post"}],"author":[{"embeddable":true,"href":"https:\/\/diarioparanaense.com\/index.php?rest_route=\/wp\/v2\/users\/1"}],"replies":[{"embeddable":true,"href":"https:\/\/diarioparanaense.com\/index.php?rest_route=%2Fwp%2Fv2%2Fcomments&post=1345"}],"version-history":[{"count":1,"href":"https:\/\/diarioparanaense.com\/index.php?rest_route=\/wp\/v2\/posts\/1345\/revisions"}],"predecessor-version":[{"id":1347,"href":"https:\/\/diarioparanaense.com\/index.php?rest_route=\/wp\/v2\/posts\/1345\/revisions\/1347"}],"wp:featuredmedia":[{"embeddable":true,"href":"https:\/\/diarioparanaense.com\/index.php?rest_route=\/wp\/v2\/media\/1346"}],"wp:attachment":[{"href":"https:\/\/diarioparanaense.com\/index.php?rest_route=%2Fwp%2Fv2%2Fmedia&parent=1345"}],"wp:term":[{"taxonomy":"category","embeddable":true,"href":"https:\/\/diarioparanaense.com\/index.php?rest_route=%2Fwp%2Fv2%2Fcategories&post=1345"},{"taxonomy":"post_tag","embeddable":true,"href":"https:\/\/diarioparanaense.com\/index.php?rest_route=%2Fwp%2Fv2%2Ftags&post=1345"}],"curies":[{"name":"wp","href":"https:\/\/api.w.org\/{rel}","templated":true}]}}