{"id":1337,"date":"2023-10-04T14:53:40","date_gmt":"2023-10-04T17:53:40","guid":{"rendered":"https:\/\/diarioparanaense.com\/?p=1337"},"modified":"2023-10-04T14:53:41","modified_gmt":"2023-10-04T17:53:41","slug":"luli-fala-sobre-relacoes-toxicas-e-da-fim-a-um-namoro-conturbado-em-seu-mrda","status":"publish","type":"post","link":"https:\/\/diarioparanaense.com\/?p=1337","title":{"rendered":"Luli fala sobre rela\u00e7\u00f5es t\u00f3xicas e d\u00e1 fim a um namoro conturbado em &#8220;Seu M*rda&#8221;"},"content":{"rendered":"\n<blockquote class=\"wp-block-quote is-layout-flow wp-block-quote-is-layout-flow\">\n<p><em>Produzida pelos indicados ao Grammy Latino, Los Brasileros, faixa composta em parceria com CLAU e Bruno Gadiol chega \u00e0s plataformas nesta sexta-feira, dia 6<\/em><\/p>\n<\/blockquote>\n\n\n\n<p class=\"has-text-align-center\"><em>Pr\u00e9-save: <\/em><a href=\"https:\/\/found.ee\/seu_mrda\"><em>https:\/\/found.ee\/seu_mrda<\/em><\/a><\/p>\n\n\n\n<p>Quem nunca teve um relacionamento t\u00f3xico que atire a primeira pedra. E trazendo \u00e0 tona experi\u00eancias n\u00e3o t\u00e3o boas, Luli lan\u00e7a nesta sexta-feira, dia 6, a faixa &#8220;Seu M*rda&#8221;. Composta em parceria com CLAU e Bruno Gadiol, a can\u00e7\u00e3o marca o primeiro lan\u00e7amento da cantora com a Head Media.<\/p>\n\n\n\n<p>Produzida pelos seis vezes indicados ao Grammy Latino, Los Brasileros, &#8220;Seu M*rda&#8221; traz uma lista de coisas ruins que voc\u00ea tem para falar sobre o ex ap\u00f3s o fim da rela\u00e7\u00e3o. &#8220;Essa m\u00fasica fala sobre aquele boy lixo que \u00e9 t\u00e3o lixo que voc\u00ea mesmo teve que fazer uma lista para mostrar o qu\u00e3o merda ele \u00e9&#8221;, explica Luli.<\/p>\n\n\n\n<p>&#8220;&#8216;Seu M*rda&#8217; \u00e9 um trabalho muito especial. Eu a escrevi junto com a Clau, que \u00e9 uma artista que eu admiro pra caramba. Ent\u00e3o estou super animada com esse lan\u00e7amento&#8221;, adianta a cantora.<\/p>\n\n\n\n<p>Natural de S\u00e3o Paulo, Luli conta com uma longa trajet\u00f3ria na m\u00fasica. Al\u00e9m de cantora e compositora, Luli \u00e9 artista de teatro musical, tendo atuado em grandes produ\u00e7\u00f5es como \u201cA Bela e a Fera\u201d, \u201cOs Produtores\u201d, de Miguel Falabella, &#8220;Mean Girls&#8221; e &#8220;&#8221;. Recentemente, deu vida \u00e0 personagem Sandy, protagonista do musical &#8220;Grease&#8221;, que esteve em cartaz em S\u00e3o Paulo.<\/p>\n\n\n\n<p>Sobre &#8220;Seu M*rda&#8221;, Luli acrescenta que a ideia surgiu em uma das idas \u00e0 Head Media. Ao lado de Clau, Bruno Gadiol e do produtor Pedro Dash, pensou em criar uma m\u00fasica listando as 10 coisas que odiaria em um rapaz ap\u00f3s o fim de uma rela\u00e7\u00e3o. &#8220;O que mais me inspirou foram experi\u00eancias amorosas frustradas que eu j\u00e1 tive e que a galera j\u00e1 teve tamb\u00e9m, trocamos ideias sobre como tem bastante coisa em comum que a gente acaba passando quando estamos com alguma pessoa&#8221;, compartilha a cantora.<\/p>\n\n\n\n<p>Gravado em S\u00e3o Paulo, o clipe de &#8220;Seu M*rda&#8221; faz uma brincadeira com os tr\u00e1gicos casos de relacionamentos amorosos que n\u00e3o d\u00e3o certo. Com dire\u00e7\u00e3o de Ygor de Oliveira, o v\u00eddeo com certeza traz uma lista de 10 coisas que todo boy lixo vai se identificar.<\/p>\n\n\n\n<p><strong>Sobre Luli<\/strong><\/p>\n\n\n\n<p>Conhecida por seus trabalhos no teatro musical, Luli \u00e9 natural de S\u00e3o Paulo e foi semifinalista do The Voice Brasil, da TV Globo, em 2020, pelo time da cantora Iza.<\/p>\n\n\n\n<p>Luli come\u00e7ou a cantar aos 3 anos de idade e ganhou da av\u00f3 o apelido de &#8220;passarinho&#8221;. Aos 12, ingressou nas aulas de canto e quatro anos depois no teatro musical, emendando um espet\u00e1culo no outro. Ela tamb\u00e9m j\u00e1 trabalhou como modelo, fez curso de interpreta\u00e7\u00e3o na Escola Wolf Maya, bal\u00e9 e gin\u00e1stica r\u00edtmica. Luli j\u00e1 cantou em eventos<ins> <\/ins>e se destacou no teatro musical dando vida a uma s\u00e9rie de personagens.<\/p>\n\n\n\n<p>Luli tamb\u00e9m \u00e9 um fen\u00f4meno nas redes sociais. A artista acumula mais de 150 mil seguidores no Instagram, onde compartilha v\u00eddeos de m\u00fasicas, sua vida e atividade nos palcos. J\u00e1 no TikTok, s\u00e3o quase 20 mil seguidores.<\/p>\n\n\n\n<p>&#8220;Seu M*rda&#8221; \u00e9 o primeiro lan\u00e7amento de Luli pela Head Media em parceria com a Universal Music.<\/p>\n","protected":false},"excerpt":{"rendered":"<p>Produzida pelos indicados ao Grammy Latino, Los Brasileros, faixa composta em parceria com CLAU e Bruno Gadiol chega \u00e0s plataformas nesta sexta-feira, dia 6 Pr\u00e9-save: https:\/\/found.ee\/seu_mrda Quem nunca teve um relacionamento t\u00f3xico que atire a primeira pedra. E trazendo \u00e0 tona experi\u00eancias n\u00e3o t\u00e3o boas, Luli lan\u00e7a nesta sexta-feira, dia 6, a faixa &#8220;Seu M*rda&#8221;. [&hellip;]<\/p>\n","protected":false},"author":1,"featured_media":1341,"comment_status":"open","ping_status":"open","sticky":false,"template":"","format":"standard","meta":{"footnotes":""},"categories":[27],"tags":[352],"class_list":["post-1337","post","type-post","status-publish","format-standard","has-post-thumbnail","hentry","category-musica","tag-luli"],"_links":{"self":[{"href":"https:\/\/diarioparanaense.com\/index.php?rest_route=\/wp\/v2\/posts\/1337","targetHints":{"allow":["GET"]}}],"collection":[{"href":"https:\/\/diarioparanaense.com\/index.php?rest_route=\/wp\/v2\/posts"}],"about":[{"href":"https:\/\/diarioparanaense.com\/index.php?rest_route=\/wp\/v2\/types\/post"}],"author":[{"embeddable":true,"href":"https:\/\/diarioparanaense.com\/index.php?rest_route=\/wp\/v2\/users\/1"}],"replies":[{"embeddable":true,"href":"https:\/\/diarioparanaense.com\/index.php?rest_route=%2Fwp%2Fv2%2Fcomments&post=1337"}],"version-history":[{"count":1,"href":"https:\/\/diarioparanaense.com\/index.php?rest_route=\/wp\/v2\/posts\/1337\/revisions"}],"predecessor-version":[{"id":1342,"href":"https:\/\/diarioparanaense.com\/index.php?rest_route=\/wp\/v2\/posts\/1337\/revisions\/1342"}],"wp:featuredmedia":[{"embeddable":true,"href":"https:\/\/diarioparanaense.com\/index.php?rest_route=\/wp\/v2\/media\/1341"}],"wp:attachment":[{"href":"https:\/\/diarioparanaense.com\/index.php?rest_route=%2Fwp%2Fv2%2Fmedia&parent=1337"}],"wp:term":[{"taxonomy":"category","embeddable":true,"href":"https:\/\/diarioparanaense.com\/index.php?rest_route=%2Fwp%2Fv2%2Fcategories&post=1337"},{"taxonomy":"post_tag","embeddable":true,"href":"https:\/\/diarioparanaense.com\/index.php?rest_route=%2Fwp%2Fv2%2Ftags&post=1337"}],"curies":[{"name":"wp","href":"https:\/\/api.w.org\/{rel}","templated":true}]}}