{"id":1336,"date":"2023-10-04T14:52:23","date_gmt":"2023-10-04T17:52:23","guid":{"rendered":"https:\/\/diarioparanaense.com\/?p=1336"},"modified":"2023-10-04T14:52:24","modified_gmt":"2023-10-04T17:52:24","slug":"varias-ondas-numero-1-nas-radios-do-brasil-gabriel-elias-faz-show-de-lancamento-de-novo-album-casa-natura-musical","status":"publish","type":"post","link":"https:\/\/diarioparanaense.com\/?p=1336","title":{"rendered":"&#8220;V\u00e1rias Ondas&#8221;: N\u00famero 1 nas r\u00e1dios do Brasil, Gabriel Elias faz show de lan\u00e7amento de novo \u00e1lbum Casa Natura Musical"},"content":{"rendered":"\n<blockquote class=\"wp-block-quote is-layout-flow wp-block-quote-is-layout-flow\">\n<p><em>Apresenta\u00e7\u00e3o apresenta o novo projeto do artista e conta com participa\u00e7\u00f5es de Maneva e Roberta Campos.<\/em><strong><\/strong><\/p>\n<\/blockquote>\n\n\n\n<p>O atual estado de esp\u00edrito do cantor mineiro praiano Gabriel Elias \u00e9 s\u00f3 felicidade. Uma das vozes jovens mais importantes da atualidade, o cantor, que est\u00e1 em primeiro lugar nas r\u00e1dios do Brasil, lan\u00e7a neste domingo, dia 8 de outubro, o \u00e1lbum &#8220;V\u00e1rias Ondas&#8221; na Casa Natura Musical, em S\u00e3o Paulo. A apresenta\u00e7\u00e3o contar\u00e1 com participa\u00e7\u00f5es das bandas Maneva e Teatro M\u00e1gico e da cantora Roberta Campos.<\/p>\n\n\n\n<p>\u201cV\u00e1rias Ondas\u201d, mais novo projeto fonogr\u00e1fico de Gabriel Elias, \u00e9 pautado em colabora\u00e7\u00f5es com artistas de diferentes segmentos como Maneva, Melim e Zeca Baleiro, e j\u00e1 est\u00e1 dispon\u00edvel em todas as plataformas digitais. O \u00e1lbum \u00e9 um ponto de intersec\u00e7\u00e3o entre a sonoridade praiana do cantor que abre um di\u00e1logo musical com diferentes tribos. O espet\u00e1culo promete n\u00e3o apenas destacar as novas faixas, mas tamb\u00e9m incluir sucessos que marcaram a carreira do cantor, como &#8220;Pequena Flor&#8221;, &#8220;Fiz Esse Som Pra Voc\u00ea&#8221; e &#8220;Somos Instantes&#8221;, esta \u00faltima em parceria com Vitor Kley.<\/p>\n\n\n\n<p>Gabriel Elias, um dos principais nomes da nova gera\u00e7\u00e3o da m\u00fasica brasileira, acumula uma carreira impressionante, com mais de 500 milh\u00f5es de streams em plataformas de m\u00fasica e apresenta\u00e7\u00f5es ao lado de artistas renomados como Jason Mraz, SOJA e Donavon Frankenreiter, al\u00e9m de participa\u00e7\u00f5es em festivais de renome, como Planeta Atl\u00e2ntida, Planeta Brasil e Rock in Rio.<\/p>\n\n\n\n<p>Mineiro com os p\u00e9s na areia, Gabriel Elias fala sobre o novo \u00e1lbum: \u201c\u00c9 um sentimento de realiza\u00e7\u00e3o muito forte, um sonho poder contar nesse \u00e1lbum com participa\u00e7\u00f5es de artistas que s\u00e3o meus \u00eddolos. Uma vez me disseram que tenho alma de aprendiz, por sempre querer aprender algo novo, ter a participa\u00e7\u00e3o desses artistas no <em>&#8216;V\u00e1rias Ondas&#8217;<\/em> foi uma grande aula, um presente.\u201d<\/p>\n\n\n\n<p><strong>SERVI\u00c7O<\/strong><\/p>\n\n\n\n<p>Gabriel Elias | Lan\u00e7amento V\u00e1rias Ondas<\/p>\n\n\n\n<p><strong>Data:<\/strong> 08.10 &#8211; domingo<\/p>\n\n\n\n<p><strong>Hor\u00e1rio:<\/strong><\/p>\n\n\n\n<p><strong>Show &#8211; <\/strong>19h<\/p>\n\n\n\n<p><strong>Abertura da Casa:<\/strong> 17h30<\/p>\n\n\n\n<p><strong>Classifica\u00e7\u00e3o: <\/strong>16 anos<\/p>\n\n\n\n<p>Casa Natura Musical Rua Artur de Azevedo 2134 \u2013 Pinheiros, S\u00e3o Paulo<\/p>\n\n\n\n<p><strong>INGRESSOS \u2013 Valores<\/strong><\/p>\n\n\n\n<p><strong>Pista em p\u00e9 \u2013 Lote 1:<\/strong> R$ 60,00\/R$ 30,00 (meia-entrada)\/ R$ 45,00 (meia-entrada solid\u00e1ria)<\/p>\n\n\n\n<p><strong>Pista em p\u00e9 \u2013 Lote 2: <\/strong>R$ 80,00\/R$ 40,00 (meia-entrada)\/ R$ 55,00&nbsp; (meia-entrada solid\u00e1ria)<\/p>\n\n\n\n<p><strong>Pista em p\u00e9 \u2013 Lote 3:<\/strong> R$ 90,00\/R$ 45,00 (meia-entrada)\/ R$ 60,00&nbsp;&nbsp; (meia-entrada solid\u00e1ria)<\/p>\n\n\n\n<p><strong>Pista em p\u00e9 \u2013 Lote 4:<\/strong> R$ 110,00\/R$ 55,00 (meia-entrada)\/&nbsp; R$ 70,00&nbsp;&nbsp; (meia-entrada solid\u00e1ria)<\/p>\n\n\n\n<p><strong>Bistr\u00f4 Superior:<\/strong> R$ 180,00\/R$ 90,00 (meia-entrada)<\/p>\n\n\n\n<p><strong>Camarote:<\/strong> R$ 200,00\/R$ 100,00 (meia-entrada)<\/p>\n\n\n\n<p><em>ATEN\u00c7\u00c3O: SUJEITO \u00c0 VIRADA DE LOTE SEM AVISO PR\u00c9VIO<\/em><\/p>\n\n\n\n<p><em>Confira aqui as regras da meia entrada:<\/em><a href=\"http:\/\/bileto.sympla.com.br\/meia-entrada\"><em> bileto.sympla.com.br\/meia-entrada<\/em><\/a><em><u><\/u><\/em><\/p>\n\n\n\n<p><strong>MEIA ENTRADA SOLID\u00c1RIA<\/strong><\/p>\n\n\n\n<p>Comprando a meia solid\u00e1ria o cliente precisar\u00e1 entregar 1 kg de alimento n\u00e3o perec\u00edvel que ser\u00e1 recolhido pelo projeto Sou Parte da Solu\u00e7\u00e3o.<\/p>\n\n\n\n<p><strong>INGRESSO GRATUITO PARA PESSOAS TRANS<\/strong><\/p>\n\n\n\n<p><strong>ATEN\u00c7\u00c3O:<\/strong> A Casa Natura Musical acredita na import\u00e2ncia de pol\u00edticas afirmativas de inclus\u00e3o e acesso de pessoas T aos espa\u00e7os de cultura e lazer. A cota de ingressos dessa modalidade \u00e9 destinada a pessoas trans, travestis e n\u00e3o-bin\u00e1rias (pessoas que n\u00e3o se identificam com o g\u00eanero atribu\u00eddo ao nascer). Basta retirar seu ingresso via Sympla e apresentar o QR Code no acesso \u00e0 Casa. A cota de ingressos \u00e9 limitada e sujeita \u00e0 lota\u00e7\u00e3o da Casa.Contamos com o respeito de todes, sobretudo de pessoas cisg\u00eanero (pessoas que se identificam com o g\u00eanero atribu\u00eddo ao nascer), para tornar o acesso \u00e0 cultura mais democr\u00e1tico. Seja consciente ao retirar essa modalidade de ingresso.<\/p>\n\n\n\n<p><strong>BILHETERIA OFICIAL \u2013 SEM COBRAN\u00c7A DE TAXA DE CONVENI\u00caNCIA<\/strong><\/p>\n\n\n\n<p><strong>Sobre Gabriel Elias<\/strong><\/p>\n\n\n\n<p>Gabriel Elias \u00e9 um talentoso cantor e compositor brasileiro que se destaca por sua m\u00fasica influenciada pela sonoridade praiana e pela habilidade de mesclar diversos estilos musicais em sua obra. Nascido em Minas Gerais, Gabriel Elias conquistou um lugar de destaque na cena musical brasileira, sendo considerado um dos principais nomes da nova gera\u00e7\u00e3o da m\u00fasica no pa\u00eds.<\/p>\n\n\n\n<p>Sua carreira \u00e9 marcada por uma variedade de influ\u00eancias musicais, que v\u00e3o desde o reggae at\u00e9 a MPB, passando por brasilidades e xote. Essa diversidade \u00e9 evidente em seu trabalho, refletindo-se em can\u00e7\u00f5es que cativam os ouvintes com letras envolventes e melodias cativantes.<\/p>\n\n\n\n<p>Gabriel Elias alcan\u00e7ou grande reconhecimento com seus singles de sucesso, incluindo colabora\u00e7\u00f5es not\u00e1veis com outros artistas, como &#8220;Talvez&#8221;, em parceria com Ju Moraes, que se tornou a m\u00fasica pop mais tocada nas r\u00e1dios do Brasil. Com mais de 500 milh\u00f5es de streams em plataformas de m\u00fasica, Gabriel acumula uma base de f\u00e3s s\u00f3lida e uma carreira impressionante.<\/p>\n\n\n\n<p>Ele tamb\u00e9m teve a oportunidade de dividir o palco com artistas renomados, como Jason Mraz, SOJA e Donavon Frankenreiter, e se apresentou em alguns dos maiores festivais de m\u00fasica do Brasil, incluindo Planeta Atl\u00e2ntida, Planeta Brasil e Rock in Rio.<\/p>\n\n\n\n<p>Al\u00e9m disso, o artista \u00e9 conhecido n\u00e3o apenas por sua m\u00fasica, mas tamb\u00e9m por sua capacidade de criar conex\u00f5es emocionais com seu p\u00fablico por meio de suas letras profundas e emotivas. Seu comprometimento em explorar novos sons e colaborar com uma variedade de artistas torna sua carreira promissora e emocionante para seus f\u00e3s.<\/p>\n\n\n\n<p>Com o lan\u00e7amento de seu projeto &#8220;V\u00e1rias Ondas&#8221; e a celebra\u00e7\u00e3o de parcerias musicais not\u00e1veis, Gabriel Elias continua a trilhar um caminho de sucesso na m\u00fasica brasileira, cativando cora\u00e7\u00f5es com sua autenticidade e paix\u00e3o pela arte.<\/p>\n","protected":false},"excerpt":{"rendered":"<p>Apresenta\u00e7\u00e3o apresenta o novo projeto do artista e conta com participa\u00e7\u00f5es de Maneva e Roberta Campos. O atual estado de esp\u00edrito do cantor mineiro praiano Gabriel Elias \u00e9 s\u00f3 felicidade. Uma das vozes jovens mais importantes da atualidade, o cantor, que est\u00e1 em primeiro lugar nas r\u00e1dios do Brasil, lan\u00e7a neste domingo, dia 8 de [&hellip;]<\/p>\n","protected":false},"author":1,"featured_media":1339,"comment_status":"open","ping_status":"open","sticky":false,"template":"","format":"standard","meta":{"footnotes":""},"categories":[27],"tags":[351],"class_list":["post-1336","post","type-post","status-publish","format-standard","has-post-thumbnail","hentry","category-musica","tag-gabriel-elias"],"_links":{"self":[{"href":"https:\/\/diarioparanaense.com\/index.php?rest_route=\/wp\/v2\/posts\/1336","targetHints":{"allow":["GET"]}}],"collection":[{"href":"https:\/\/diarioparanaense.com\/index.php?rest_route=\/wp\/v2\/posts"}],"about":[{"href":"https:\/\/diarioparanaense.com\/index.php?rest_route=\/wp\/v2\/types\/post"}],"author":[{"embeddable":true,"href":"https:\/\/diarioparanaense.com\/index.php?rest_route=\/wp\/v2\/users\/1"}],"replies":[{"embeddable":true,"href":"https:\/\/diarioparanaense.com\/index.php?rest_route=%2Fwp%2Fv2%2Fcomments&post=1336"}],"version-history":[{"count":1,"href":"https:\/\/diarioparanaense.com\/index.php?rest_route=\/wp\/v2\/posts\/1336\/revisions"}],"predecessor-version":[{"id":1340,"href":"https:\/\/diarioparanaense.com\/index.php?rest_route=\/wp\/v2\/posts\/1336\/revisions\/1340"}],"wp:featuredmedia":[{"embeddable":true,"href":"https:\/\/diarioparanaense.com\/index.php?rest_route=\/wp\/v2\/media\/1339"}],"wp:attachment":[{"href":"https:\/\/diarioparanaense.com\/index.php?rest_route=%2Fwp%2Fv2%2Fmedia&parent=1336"}],"wp:term":[{"taxonomy":"category","embeddable":true,"href":"https:\/\/diarioparanaense.com\/index.php?rest_route=%2Fwp%2Fv2%2Fcategories&post=1336"},{"taxonomy":"post_tag","embeddable":true,"href":"https:\/\/diarioparanaense.com\/index.php?rest_route=%2Fwp%2Fv2%2Ftags&post=1336"}],"curies":[{"name":"wp","href":"https:\/\/api.w.org\/{rel}","templated":true}]}}